{"id":4822,"date":"2026-04-27T11:13:16","date_gmt":"2026-04-27T17:13:16","guid":{"rendered":"https:\/\/queretaroalminuto.com\/?p=4822"},"modified":"2026-04-27T12:32:02","modified_gmt":"2026-04-27T18:32:02","slug":"fernanda-olvera-rangel-festejo-sus-xv-anos","status":"publish","type":"post","link":"https:\/\/queretaroalminuto.com\/?p=4822","title":{"rendered":"Fernanda Olvera Rangel Festej\u00f3 sus XV A\u00d1OS"},"content":{"rendered":"\n<p>Por Edith Rivera Lozada<\/p>\n\n\n\n<p>Fiesta de cumplea\u00f1os!<\/p>\n\n\n\n<p>Con una celebraci\u00f3n eucar\u00edstica, dieron gracias a Dios por el d\u00e9cimo<br>quinto aniversario de vida de Fernanda Olvera Rangel, quien muy<br>emocionada acudi\u00f3 a la iglesia de la Pur\u00edsima Concepci\u00f3n, donde el<br>representante de la iglesia, el sacerdote Julio Cesar C\u00e1rdenas Ru\u00edz,<br>la recibi\u00f3. Le acompa\u00f1aron en este solemne momento, sus papas<br>Alma Rangel Avenda\u00f1o y Gerardo Olvera Reyes, quienes con orgullo<br>y agradecimiento participaron de la misa, donde el emotivo<br>mensaje del sacerdote hizo reflexionar a los presentes.<\/p>\n\n\n\n<figure class=\"wp-block-image size-large\"><img loading=\"lazy\" decoding=\"async\" width=\"1024\" height=\"768\" src=\"https:\/\/queretaroalminuto.com\/wp-content\/uploads\/2026\/04\/Por-Edith-Rivera-Lozada-1024x768.jpg\" alt=\"\" class=\"wp-image-4829\" srcset=\"https:\/\/queretaroalminuto.com\/wp-content\/uploads\/2026\/04\/Por-Edith-Rivera-Lozada-1024x768.jpg 1024w, https:\/\/queretaroalminuto.com\/wp-content\/uploads\/2026\/04\/Por-Edith-Rivera-Lozada-400x300.jpg 400w, https:\/\/queretaroalminuto.com\/wp-content\/uploads\/2026\/04\/Por-Edith-Rivera-Lozada-768x576.jpg 768w, https:\/\/queretaroalminuto.com\/wp-content\/uploads\/2026\/04\/Por-Edith-Rivera-Lozada-665x499.jpg 665w, https:\/\/queretaroalminuto.com\/wp-content\/uploads\/2026\/04\/Por-Edith-Rivera-Lozada.jpg 1121w\" sizes=\"auto, (max-width: 1024px) 100vw, 1024px\" \/><\/figure>\n\n\n\n<p><br>Por su parte los padrinos, Susana Olvera Reyes y Juan Andr\u00e9s<br>Mart\u00ednez Luna, acompa\u00f1aron a la festejada en todo momento y la<br>felicitaron por este d\u00eda tan especial en que recordaron el d\u00eda de su<br>nacimiento, la alegr\u00eda que trajo al hogar de la familia Olvera Rangel.<\/p>\n\n\n\n<figure class=\"wp-block-image size-large\"><img loading=\"lazy\" decoding=\"async\" width=\"1024\" height=\"769\" src=\"https:\/\/queretaroalminuto.com\/wp-content\/uploads\/2026\/04\/Con-Sus-Padrinos-1024x769.jpg\" alt=\"\" class=\"wp-image-4831\" srcset=\"https:\/\/queretaroalminuto.com\/wp-content\/uploads\/2026\/04\/Con-Sus-Padrinos-1024x769.jpg 1024w, https:\/\/queretaroalminuto.com\/wp-content\/uploads\/2026\/04\/Con-Sus-Padrinos-400x300.jpg 400w, https:\/\/queretaroalminuto.com\/wp-content\/uploads\/2026\/04\/Con-Sus-Padrinos-768x577.jpg 768w, https:\/\/queretaroalminuto.com\/wp-content\/uploads\/2026\/04\/Con-Sus-Padrinos-665x499.jpg 665w, https:\/\/queretaroalminuto.com\/wp-content\/uploads\/2026\/04\/Con-Sus-Padrinos.jpg 1143w\" sizes=\"auto, (max-width: 1024px) 100vw, 1024px\" \/><\/figure>\n\n\n\n<p><br>Al terminar la misa las felicitaciones y los bueno deseos de sus<br>invitados no se hicieron esperar y la colmaron del cari\u00f1o familiar y<br>de las amistades presentes en este festejo. A la salida la limusina<br>esperaba a la festeja y a sus amigos para dar el recorrido por los<br>emblem\u00e1ticos arcos.<br>Mas tarde se reunieron para degustar una exquisita comida en el<br>sal\u00f3n de fiestas Calli Mitotl, en la Ca\u00f1ada. El lugar vestido acorde a<br>la ocasi\u00f3n con ese toque al gusto de la festejada. Continuo la tarde<br>noche con la m\u00fasica, el baile al ritmo del grupo Prihers, mientras<br>todos se divert\u00edan pl\u00e1cidamente y brindaron por Fernanda en sus<br>quince a\u00f1os.<\/p>\n\n\n\n<figure class=\"wp-block-image size-large\"><img loading=\"lazy\" decoding=\"async\" width=\"683\" height=\"1024\" src=\"https:\/\/queretaroalminuto.com\/wp-content\/uploads\/2026\/04\/Fernanda-Portada-683x1024.jpg\" alt=\"\" class=\"wp-image-4824\" srcset=\"https:\/\/queretaroalminuto.com\/wp-content\/uploads\/2026\/04\/Fernanda-Portada-683x1024.jpg 683w, https:\/\/queretaroalminuto.com\/wp-content\/uploads\/2026\/04\/Fernanda-Portada-267x400.jpg 267w, https:\/\/queretaroalminuto.com\/wp-content\/uploads\/2026\/04\/Fernanda-Portada-768x1152.jpg 768w, https:\/\/queretaroalminuto.com\/wp-content\/uploads\/2026\/04\/Fernanda-Portada-665x997.jpg 665w, https:\/\/queretaroalminuto.com\/wp-content\/uploads\/2026\/04\/Fernanda-Portada.jpg 801w\" sizes=\"auto, (max-width: 683px) 100vw, 683px\" \/><\/figure>\n","protected":false},"excerpt":{"rendered":"<p>Por Edith Rivera Lozada Fiesta de cumplea\u00f1os! Con una celebraci\u00f3n eucar\u00edstica, dieron gracias a Dios por el d\u00e9cimoquinto aniversario de vida de Fernanda Olvera Rangel, <a href=\"https:\/\/queretaroalminuto.com\/?p=4822\" class=\"read-more-link\">[more&#8230;]<\/a><\/p>\n","protected":false},"author":1,"featured_media":4824,"comment_status":"open","ping_status":"open","sticky":false,"template":"","format":"standard","meta":{"footnotes":""},"categories":[1],"tags":[],"class_list":["post-4822","post","type-post","status-publish","format-standard","has-post-thumbnail","hentry","category-uncategorized"],"_links":{"self":[{"href":"https:\/\/queretaroalminuto.com\/index.php?rest_route=\/wp\/v2\/posts\/4822","targetHints":{"allow":["GET"]}}],"collection":[{"href":"https:\/\/queretaroalminuto.com\/index.php?rest_route=\/wp\/v2\/posts"}],"about":[{"href":"https:\/\/queretaroalminuto.com\/index.php?rest_route=\/wp\/v2\/types\/post"}],"author":[{"embeddable":true,"href":"https:\/\/queretaroalminuto.com\/index.php?rest_route=\/wp\/v2\/users\/1"}],"replies":[{"embeddable":true,"href":"https:\/\/queretaroalminuto.com\/index.php?rest_route=%2Fwp%2Fv2%2Fcomments&post=4822"}],"version-history":[{"count":4,"href":"https:\/\/queretaroalminuto.com\/index.php?rest_route=\/wp\/v2\/posts\/4822\/revisions"}],"predecessor-version":[{"id":4833,"href":"https:\/\/queretaroalminuto.com\/index.php?rest_route=\/wp\/v2\/posts\/4822\/revisions\/4833"}],"wp:featuredmedia":[{"embeddable":true,"href":"https:\/\/queretaroalminuto.com\/index.php?rest_route=\/wp\/v2\/media\/4824"}],"wp:attachment":[{"href":"https:\/\/queretaroalminuto.com\/index.php?rest_route=%2Fwp%2Fv2%2Fmedia&parent=4822"}],"wp:term":[{"taxonomy":"category","embeddable":true,"href":"https:\/\/queretaroalminuto.com\/index.php?rest_route=%2Fwp%2Fv2%2Fcategories&post=4822"},{"taxonomy":"post_tag","embeddable":true,"href":"https:\/\/queretaroalminuto.com\/index.php?rest_route=%2Fwp%2Fv2%2Ftags&post=4822"}],"curies":[{"name":"wp","href":"https:\/\/api.w.org\/{rel}","templated":true}]}}